{"id":1,"date":"2025-07-26T15:20:00","date_gmt":"2025-07-26T13:20:00","guid":{"rendered":"http:\/\/odaizfi.cluster030.hosting.ovh.net\/?p=1"},"modified":"2025-08-04T13:26:04","modified_gmt":"2025-08-04T11:26:04","slug":"pre-inscriptions-en-ligne-saison-2022-23-nouveaute","status":"publish","type":"post","link":"https:\/\/www.foyerfraisans.fr\/index.php\/2025\/07\/26\/pre-inscriptions-en-ligne-saison-2022-23-nouveaute\/","title":{"rendered":"Tournoi amical de badminton"},"content":{"rendered":"\t\t<div data-elementor-type=\"wp-post\" data-elementor-id=\"1\" class=\"elementor elementor-1\">\n\t\t\t\t\t\t<section class=\"elementor-section elementor-top-section elementor-element elementor-element-746c9df elementor-section-boxed elementor-section-height-default elementor-section-height-default\" data-id=\"746c9df\" data-element_type=\"section\">\n\t\t\t\t\t\t<div class=\"elementor-container elementor-column-gap-default\">\n\t\t\t\t\t<div class=\"elementor-column elementor-col-100 elementor-top-column elementor-element elementor-element-dabf2e7\" data-id=\"dabf2e7\" data-element_type=\"column\">\n\t\t\t<div class=\"elementor-widget-wrap elementor-element-populated\">\n\t\t\t\t\t\t<div class=\"elementor-element elementor-element-01a83a5 elementor-widget elementor-widget-text-editor\" data-id=\"01a83a5\" data-element_type=\"widget\" data-widget_type=\"text-editor.default\">\n\t\t\t\t<div class=\"elementor-widget-container\">\n\t\t\t\t\t\t\t\t\t<p data-start=\"176\" data-end=\"542\">Dimanche 20 juillet 2025, le gymnase Maurice Grand de Jura-Nord a accueilli un tournoi amical de badminton, organis\u00e9 par Jean-Marc Chenut, responsable du club. Ce rendez-vous, ouvert aux passionn\u00e9s de tous niveaux, a r\u00e9uni 32 badistes venus de plusieurs clubs, notamment Pouilley-les-Vignes, Lantenne-Verti\u00e8re, Voray-sur-l\u2019Ognon, Boult et Franois.<\/p><p data-start=\"544\" data-end=\"828\">L\u2019apr\u00e8s-midi s\u2019est d\u00e9roul\u00e9 en \u00ab\u00a0jeux libres\u00a0\u00bb, permettant \u00e0 chacun de jouer \u00e0 son rythme, dans un esprit de partage et de bonne humeur. Les \u00e9changes sur les terrains n\u2019ont pas manqu\u00e9 d\u2019intensit\u00e9, mais toujours dans une ambiance d\u00e9tendue, fid\u00e8le \u00e0 l\u2019esprit amical de l\u2019\u00e9v\u00e9nement.<\/p><p data-start=\"830\" data-end=\"1026\">Pour cl\u00f4turer cette journ\u00e9e sportive et chaleureuse, un pot de l\u2019amiti\u00e9 a \u00e9t\u00e9 offert aux participants, l\u2019occasion de prolonger les \u00e9changes hors des terrains et de renforcer les liens entre clubs.<\/p>\t\t\t\t\t\t\t\t<\/div>\n\t\t\t\t<\/div>\n\t\t\t\t\t<\/div>\n\t\t<\/div>\n\t\t\t\t\t<\/div>\n\t\t<\/section>\n\t\t\t\t<\/div>\n\t\t","protected":false},"excerpt":{"rendered":"<p>Dimanche 20 juillet 2025, le gymnase Maurice Grand de Jura-Nord a accueilli un tournoi amical de badminton, organis\u00e9 par Jean-Marc Chenut, responsable du club. Ce rendez-vous, ouvert aux passionn\u00e9s de tous niveaux, a r\u00e9uni 32 badistes venus de plusieurs clubs, notamment Pouilley-les-Vignes, Lantenne-Verti\u00e8re, Voray-sur-l\u2019Ognon, Boult et Franois. L\u2019apr\u00e8s-midi s\u2019est d\u00e9roul\u00e9 en \u00ab\u00a0jeux libres\u00a0\u00bb, permettant \u00e0 [&hellip;]<\/p>\n","protected":false},"author":1,"featured_media":3550,"comment_status":"open","ping_status":"open","sticky":false,"template":"","format":"standard","meta":{"_monsterinsights_skip_tracking":false,"_monsterinsights_sitenote_active":false,"_monsterinsights_sitenote_note":"","_monsterinsights_sitenote_category":0,"ocean_post_layout":"","ocean_both_sidebars_style":"","ocean_both_sidebars_content_width":0,"ocean_both_sidebars_sidebars_width":0,"ocean_sidebar":"0","ocean_second_sidebar":"0","ocean_disable_margins":"enable","ocean_add_body_class":"","ocean_shortcode_before_top_bar":"","ocean_shortcode_after_top_bar":"","ocean_shortcode_before_header":"","ocean_shortcode_after_header":"","ocean_has_shortcode":"","ocean_shortcode_after_title":"","ocean_shortcode_before_footer_widgets":"","ocean_shortcode_after_footer_widgets":"","ocean_shortcode_before_footer_bottom":"","ocean_shortcode_after_footer_bottom":"","ocean_display_top_bar":"default","ocean_display_header":"default","ocean_header_style":"","ocean_center_header_left_menu":"0","ocean_custom_header_template":"0","ocean_custom_logo":0,"ocean_custom_retina_logo":0,"ocean_custom_logo_max_width":0,"ocean_custom_logo_tablet_max_width":0,"ocean_custom_logo_mobile_max_width":0,"ocean_custom_logo_max_height":0,"ocean_custom_logo_tablet_max_height":0,"ocean_custom_logo_mobile_max_height":0,"ocean_header_custom_menu":"0","ocean_menu_typo_font_family":"0","ocean_menu_typo_font_subset":"","ocean_menu_typo_font_size":0,"ocean_menu_typo_font_size_tablet":0,"ocean_menu_typo_font_size_mobile":0,"ocean_menu_typo_font_size_unit":"px","ocean_menu_typo_font_weight":"","ocean_menu_typo_font_weight_tablet":"","ocean_menu_typo_font_weight_mobile":"","ocean_menu_typo_transform":"","ocean_menu_typo_transform_tablet":"","ocean_menu_typo_transform_mobile":"","ocean_menu_typo_line_height":0,"ocean_menu_typo_line_height_tablet":0,"ocean_menu_typo_line_height_mobile":0,"ocean_menu_typo_line_height_unit":"","ocean_menu_typo_spacing":0,"ocean_menu_typo_spacing_tablet":0,"ocean_menu_typo_spacing_mobile":0,"ocean_menu_typo_spacing_unit":"","ocean_menu_link_color":"","ocean_menu_link_color_hover":"","ocean_menu_link_color_active":"","ocean_menu_link_background":"","ocean_menu_link_hover_background":"","ocean_menu_link_active_background":"","ocean_menu_social_links_bg":"","ocean_menu_social_hover_links_bg":"","ocean_menu_social_links_color":"","ocean_menu_social_hover_links_color":"","ocean_disable_title":"default","ocean_disable_heading":"default","ocean_post_title":"","ocean_post_subheading":"","ocean_post_title_style":"","ocean_post_title_background_color":"","ocean_post_title_background":0,"ocean_post_title_bg_image_position":"","ocean_post_title_bg_image_attachment":"","ocean_post_title_bg_image_repeat":"","ocean_post_title_bg_image_size":"","ocean_post_title_height":0,"ocean_post_title_bg_overlay":0.5,"ocean_post_title_bg_overlay_color":"","ocean_disable_breadcrumbs":"default","ocean_breadcrumbs_color":"","ocean_breadcrumbs_separator_color":"","ocean_breadcrumbs_links_color":"","ocean_breadcrumbs_links_hover_color":"","ocean_display_footer_widgets":"default","ocean_display_footer_bottom":"default","ocean_custom_footer_template":"0","ocean_post_oembed":"","ocean_post_self_hosted_media":"","ocean_post_video_embed":"","ocean_link_format":"","ocean_link_format_target":"self","ocean_quote_format":"","ocean_quote_format_link":"post","ocean_gallery_link_images":"off","ocean_gallery_id":[],"footnotes":""},"categories":[1],"tags":[],"class_list":["post-1","post","type-post","status-publish","format-standard","has-post-thumbnail","hentry","category-actualite","entry","has-media"],"yoast_head":"<!-- This site is optimized with the Yoast SEO plugin v24.1 - https:\/\/yoast.com\/wordpress\/plugins\/seo\/ -->\n<title>Tournoi amical de badminton - Foyer Rural de Fraisans<\/title>\n<meta name=\"robots\" content=\"index, follow, max-snippet:-1, max-image-preview:large, max-video-preview:-1\" \/>\n<link rel=\"canonical\" href=\"https:\/\/www.foyerfraisans.fr\/index.php\/2025\/07\/26\/pre-inscriptions-en-ligne-saison-2022-23-nouveaute\/\" \/>\n<meta property=\"og:locale\" content=\"fr_FR\" \/>\n<meta property=\"og:type\" content=\"article\" \/>\n<meta property=\"og:title\" content=\"Tournoi amical de badminton - Foyer Rural de Fraisans\" \/>\n<meta property=\"og:description\" content=\"Dimanche 20 juillet 2025, le gymnase Maurice Grand de Jura-Nord a accueilli un tournoi amical de badminton, organis\u00e9 par Jean-Marc Chenut, responsable du club. Ce rendez-vous, ouvert aux passionn\u00e9s de tous niveaux, a r\u00e9uni 32 badistes venus de plusieurs clubs, notamment Pouilley-les-Vignes, Lantenne-Verti\u00e8re, Voray-sur-l\u2019Ognon, Boult et Franois. L\u2019apr\u00e8s-midi s\u2019est d\u00e9roul\u00e9 en \u00ab\u00a0jeux libres\u00a0\u00bb, permettant \u00e0 [&hellip;]\" \/>\n<meta property=\"og:url\" content=\"https:\/\/www.foyerfraisans.fr\/index.php\/2025\/07\/26\/pre-inscriptions-en-ligne-saison-2022-23-nouveaute\/\" \/>\n<meta property=\"og:site_name\" content=\"Foyer Rural de Fraisans\" \/>\n<meta property=\"article:published_time\" content=\"2025-07-26T13:20:00+00:00\" \/>\n<meta property=\"article:modified_time\" content=\"2025-08-04T11:26:04+00:00\" \/>\n<meta property=\"og:image\" content=\"https:\/\/www.foyerfraisans.fr\/wp-content\/uploads\/2025\/07\/124e8977-a31c-4f47-b40f-96d60c94480c.jpg\" \/>\n\t<meta property=\"og:image:width\" content=\"1599\" \/>\n\t<meta property=\"og:image:height\" content=\"1066\" \/>\n\t<meta property=\"og:image:type\" content=\"image\/jpeg\" \/>\n<meta name=\"author\" content=\"admin4342\" \/>\n<meta name=\"twitter:card\" content=\"summary_large_image\" \/>\n<meta name=\"twitter:label1\" content=\"\u00c9crit par\" \/>\n\t<meta name=\"twitter:data1\" content=\"admin4342\" \/>\n\t<meta name=\"twitter:label2\" content=\"Dur\u00e9e de lecture estim\u00e9e\" \/>\n\t<meta name=\"twitter:data2\" content=\"1 minute\" \/>\n<script type=\"application\/ld+json\" class=\"yoast-schema-graph\">{\"@context\":\"https:\/\/schema.org\",\"@graph\":[{\"@type\":\"Article\",\"@id\":\"https:\/\/www.foyerfraisans.fr\/index.php\/2025\/07\/26\/pre-inscriptions-en-ligne-saison-2022-23-nouveaute\/#article\",\"isPartOf\":{\"@id\":\"https:\/\/www.foyerfraisans.fr\/index.php\/2025\/07\/26\/pre-inscriptions-en-ligne-saison-2022-23-nouveaute\/\"},\"author\":{\"name\":\"admin4342\",\"@id\":\"https:\/\/www.foyerfraisans.fr\/#\/schema\/person\/530e871d8fe7dc72bc6bb5eddfa36f03\"},\"headline\":\"Tournoi amical de badminton\",\"datePublished\":\"2025-07-26T13:20:00+00:00\",\"dateModified\":\"2025-08-04T11:26:04+00:00\",\"mainEntityOfPage\":{\"@id\":\"https:\/\/www.foyerfraisans.fr\/index.php\/2025\/07\/26\/pre-inscriptions-en-ligne-saison-2022-23-nouveaute\/\"},\"wordCount\":139,\"commentCount\":0,\"publisher\":{\"@id\":\"https:\/\/www.foyerfraisans.fr\/#organization\"},\"image\":{\"@id\":\"https:\/\/www.foyerfraisans.fr\/index.php\/2025\/07\/26\/pre-inscriptions-en-ligne-saison-2022-23-nouveaute\/#primaryimage\"},\"thumbnailUrl\":\"https:\/\/www.foyerfraisans.fr\/wp-content\/uploads\/2025\/07\/124e8977-a31c-4f47-b40f-96d60c94480c.jpg\",\"articleSection\":[\"Actualit\u00e9\"],\"inLanguage\":\"fr-FR\",\"potentialAction\":[{\"@type\":\"CommentAction\",\"name\":\"Comment\",\"target\":[\"https:\/\/www.foyerfraisans.fr\/index.php\/2025\/07\/26\/pre-inscriptions-en-ligne-saison-2022-23-nouveaute\/#respond\"]}]},{\"@type\":\"WebPage\",\"@id\":\"https:\/\/www.foyerfraisans.fr\/index.php\/2025\/07\/26\/pre-inscriptions-en-ligne-saison-2022-23-nouveaute\/\",\"url\":\"https:\/\/www.foyerfraisans.fr\/index.php\/2025\/07\/26\/pre-inscriptions-en-ligne-saison-2022-23-nouveaute\/\",\"name\":\"Tournoi amical de badminton - Foyer Rural de Fraisans\",\"isPartOf\":{\"@id\":\"https:\/\/www.foyerfraisans.fr\/#website\"},\"primaryImageOfPage\":{\"@id\":\"https:\/\/www.foyerfraisans.fr\/index.php\/2025\/07\/26\/pre-inscriptions-en-ligne-saison-2022-23-nouveaute\/#primaryimage\"},\"image\":{\"@id\":\"https:\/\/www.foyerfraisans.fr\/index.php\/2025\/07\/26\/pre-inscriptions-en-ligne-saison-2022-23-nouveaute\/#primaryimage\"},\"thumbnailUrl\":\"https:\/\/www.foyerfraisans.fr\/wp-content\/uploads\/2025\/07\/124e8977-a31c-4f47-b40f-96d60c94480c.jpg\",\"datePublished\":\"2025-07-26T13:20:00+00:00\",\"dateModified\":\"2025-08-04T11:26:04+00:00\",\"breadcrumb\":{\"@id\":\"https:\/\/www.foyerfraisans.fr\/index.php\/2025\/07\/26\/pre-inscriptions-en-ligne-saison-2022-23-nouveaute\/#breadcrumb\"},\"inLanguage\":\"fr-FR\",\"potentialAction\":[{\"@type\":\"ReadAction\",\"target\":[\"https:\/\/www.foyerfraisans.fr\/index.php\/2025\/07\/26\/pre-inscriptions-en-ligne-saison-2022-23-nouveaute\/\"]}]},{\"@type\":\"ImageObject\",\"inLanguage\":\"fr-FR\",\"@id\":\"https:\/\/www.foyerfraisans.fr\/index.php\/2025\/07\/26\/pre-inscriptions-en-ligne-saison-2022-23-nouveaute\/#primaryimage\",\"url\":\"https:\/\/www.foyerfraisans.fr\/wp-content\/uploads\/2025\/07\/124e8977-a31c-4f47-b40f-96d60c94480c.jpg\",\"contentUrl\":\"https:\/\/www.foyerfraisans.fr\/wp-content\/uploads\/2025\/07\/124e8977-a31c-4f47-b40f-96d60c94480c.jpg\",\"width\":1599,\"height\":1066},{\"@type\":\"BreadcrumbList\",\"@id\":\"https:\/\/www.foyerfraisans.fr\/index.php\/2025\/07\/26\/pre-inscriptions-en-ligne-saison-2022-23-nouveaute\/#breadcrumb\",\"itemListElement\":[{\"@type\":\"ListItem\",\"position\":1,\"name\":\"Accueil\",\"item\":\"https:\/\/www.foyerfraisans.fr\/\"},{\"@type\":\"ListItem\",\"position\":2,\"name\":\"Tournoi amical de badminton\"}]},{\"@type\":\"WebSite\",\"@id\":\"https:\/\/www.foyerfraisans.fr\/#website\",\"url\":\"https:\/\/www.foyerfraisans.fr\/\",\"name\":\"Foyer Rural de Fraisans\",\"description\":\"Site officiel du Foyer Rural de Fraisans\",\"publisher\":{\"@id\":\"https:\/\/www.foyerfraisans.fr\/#organization\"},\"potentialAction\":[{\"@type\":\"SearchAction\",\"target\":{\"@type\":\"EntryPoint\",\"urlTemplate\":\"https:\/\/www.foyerfraisans.fr\/?s={search_term_string}\"},\"query-input\":{\"@type\":\"PropertyValueSpecification\",\"valueRequired\":true,\"valueName\":\"search_term_string\"}}],\"inLanguage\":\"fr-FR\"},{\"@type\":\"Organization\",\"@id\":\"https:\/\/www.foyerfraisans.fr\/#organization\",\"name\":\"Foyer Rural de Fraisans\",\"url\":\"https:\/\/www.foyerfraisans.fr\/\",\"logo\":{\"@type\":\"ImageObject\",\"inLanguage\":\"fr-FR\",\"@id\":\"https:\/\/www.foyerfraisans.fr\/#\/schema\/logo\/image\/\",\"url\":\"https:\/\/www.foyerfraisans.fr\/wp-content\/uploads\/2022\/07\/sigle-foyer-1.png\",\"contentUrl\":\"https:\/\/www.foyerfraisans.fr\/wp-content\/uploads\/2022\/07\/sigle-foyer-1.png\",\"width\":436,\"height\":237,\"caption\":\"Foyer Rural de Fraisans\"},\"image\":{\"@id\":\"https:\/\/www.foyerfraisans.fr\/#\/schema\/logo\/image\/\"}},{\"@type\":\"Person\",\"@id\":\"https:\/\/www.foyerfraisans.fr\/#\/schema\/person\/530e871d8fe7dc72bc6bb5eddfa36f03\",\"name\":\"admin4342\",\"image\":{\"@type\":\"ImageObject\",\"inLanguage\":\"fr-FR\",\"@id\":\"https:\/\/www.foyerfraisans.fr\/#\/schema\/person\/image\/\",\"url\":\"https:\/\/secure.gravatar.com\/avatar\/f0c8e3042314619ff04d27375a4653efab6eaef2943fe4bf960be4a353fd58f0?s=96&d=mm&r=g\",\"contentUrl\":\"https:\/\/secure.gravatar.com\/avatar\/f0c8e3042314619ff04d27375a4653efab6eaef2943fe4bf960be4a353fd58f0?s=96&d=mm&r=g\",\"caption\":\"admin4342\"},\"sameAs\":[\"http:\/\/odaizfi.cluster030.hosting.ovh.net\"]}]}<\/script>\n<!-- \/ Yoast SEO plugin. -->","yoast_head_json":{"title":"Tournoi amical de badminton - Foyer Rural de Fraisans","robots":{"index":"index","follow":"follow","max-snippet":"max-snippet:-1","max-image-preview":"max-image-preview:large","max-video-preview":"max-video-preview:-1"},"canonical":"https:\/\/www.foyerfraisans.fr\/index.php\/2025\/07\/26\/pre-inscriptions-en-ligne-saison-2022-23-nouveaute\/","og_locale":"fr_FR","og_type":"article","og_title":"Tournoi amical de badminton - Foyer Rural de Fraisans","og_description":"Dimanche 20 juillet 2025, le gymnase Maurice Grand de Jura-Nord a accueilli un tournoi amical de badminton, organis\u00e9 par Jean-Marc Chenut, responsable du club. Ce rendez-vous, ouvert aux passionn\u00e9s de tous niveaux, a r\u00e9uni 32 badistes venus de plusieurs clubs, notamment Pouilley-les-Vignes, Lantenne-Verti\u00e8re, Voray-sur-l\u2019Ognon, Boult et Franois. L\u2019apr\u00e8s-midi s\u2019est d\u00e9roul\u00e9 en \u00ab\u00a0jeux libres\u00a0\u00bb, permettant \u00e0 [&hellip;]","og_url":"https:\/\/www.foyerfraisans.fr\/index.php\/2025\/07\/26\/pre-inscriptions-en-ligne-saison-2022-23-nouveaute\/","og_site_name":"Foyer Rural de Fraisans","article_published_time":"2025-07-26T13:20:00+00:00","article_modified_time":"2025-08-04T11:26:04+00:00","og_image":[{"width":1599,"height":1066,"url":"https:\/\/www.foyerfraisans.fr\/wp-content\/uploads\/2025\/07\/124e8977-a31c-4f47-b40f-96d60c94480c.jpg","type":"image\/jpeg"}],"author":"admin4342","twitter_card":"summary_large_image","twitter_misc":{"\u00c9crit par":"admin4342","Dur\u00e9e de lecture estim\u00e9e":"1 minute"},"schema":{"@context":"https:\/\/schema.org","@graph":[{"@type":"Article","@id":"https:\/\/www.foyerfraisans.fr\/index.php\/2025\/07\/26\/pre-inscriptions-en-ligne-saison-2022-23-nouveaute\/#article","isPartOf":{"@id":"https:\/\/www.foyerfraisans.fr\/index.php\/2025\/07\/26\/pre-inscriptions-en-ligne-saison-2022-23-nouveaute\/"},"author":{"name":"admin4342","@id":"https:\/\/www.foyerfraisans.fr\/#\/schema\/person\/530e871d8fe7dc72bc6bb5eddfa36f03"},"headline":"Tournoi amical de badminton","datePublished":"2025-07-26T13:20:00+00:00","dateModified":"2025-08-04T11:26:04+00:00","mainEntityOfPage":{"@id":"https:\/\/www.foyerfraisans.fr\/index.php\/2025\/07\/26\/pre-inscriptions-en-ligne-saison-2022-23-nouveaute\/"},"wordCount":139,"commentCount":0,"publisher":{"@id":"https:\/\/www.foyerfraisans.fr\/#organization"},"image":{"@id":"https:\/\/www.foyerfraisans.fr\/index.php\/2025\/07\/26\/pre-inscriptions-en-ligne-saison-2022-23-nouveaute\/#primaryimage"},"thumbnailUrl":"https:\/\/www.foyerfraisans.fr\/wp-content\/uploads\/2025\/07\/124e8977-a31c-4f47-b40f-96d60c94480c.jpg","articleSection":["Actualit\u00e9"],"inLanguage":"fr-FR","potentialAction":[{"@type":"CommentAction","name":"Comment","target":["https:\/\/www.foyerfraisans.fr\/index.php\/2025\/07\/26\/pre-inscriptions-en-ligne-saison-2022-23-nouveaute\/#respond"]}]},{"@type":"WebPage","@id":"https:\/\/www.foyerfraisans.fr\/index.php\/2025\/07\/26\/pre-inscriptions-en-ligne-saison-2022-23-nouveaute\/","url":"https:\/\/www.foyerfraisans.fr\/index.php\/2025\/07\/26\/pre-inscriptions-en-ligne-saison-2022-23-nouveaute\/","name":"Tournoi amical de badminton - Foyer Rural de Fraisans","isPartOf":{"@id":"https:\/\/www.foyerfraisans.fr\/#website"},"primaryImageOfPage":{"@id":"https:\/\/www.foyerfraisans.fr\/index.php\/2025\/07\/26\/pre-inscriptions-en-ligne-saison-2022-23-nouveaute\/#primaryimage"},"image":{"@id":"https:\/\/www.foyerfraisans.fr\/index.php\/2025\/07\/26\/pre-inscriptions-en-ligne-saison-2022-23-nouveaute\/#primaryimage"},"thumbnailUrl":"https:\/\/www.foyerfraisans.fr\/wp-content\/uploads\/2025\/07\/124e8977-a31c-4f47-b40f-96d60c94480c.jpg","datePublished":"2025-07-26T13:20:00+00:00","dateModified":"2025-08-04T11:26:04+00:00","breadcrumb":{"@id":"https:\/\/www.foyerfraisans.fr\/index.php\/2025\/07\/26\/pre-inscriptions-en-ligne-saison-2022-23-nouveaute\/#breadcrumb"},"inLanguage":"fr-FR","potentialAction":[{"@type":"ReadAction","target":["https:\/\/www.foyerfraisans.fr\/index.php\/2025\/07\/26\/pre-inscriptions-en-ligne-saison-2022-23-nouveaute\/"]}]},{"@type":"ImageObject","inLanguage":"fr-FR","@id":"https:\/\/www.foyerfraisans.fr\/index.php\/2025\/07\/26\/pre-inscriptions-en-ligne-saison-2022-23-nouveaute\/#primaryimage","url":"https:\/\/www.foyerfraisans.fr\/wp-content\/uploads\/2025\/07\/124e8977-a31c-4f47-b40f-96d60c94480c.jpg","contentUrl":"https:\/\/www.foyerfraisans.fr\/wp-content\/uploads\/2025\/07\/124e8977-a31c-4f47-b40f-96d60c94480c.jpg","width":1599,"height":1066},{"@type":"BreadcrumbList","@id":"https:\/\/www.foyerfraisans.fr\/index.php\/2025\/07\/26\/pre-inscriptions-en-ligne-saison-2022-23-nouveaute\/#breadcrumb","itemListElement":[{"@type":"ListItem","position":1,"name":"Accueil","item":"https:\/\/www.foyerfraisans.fr\/"},{"@type":"ListItem","position":2,"name":"Tournoi amical de badminton"}]},{"@type":"WebSite","@id":"https:\/\/www.foyerfraisans.fr\/#website","url":"https:\/\/www.foyerfraisans.fr\/","name":"Foyer Rural de Fraisans","description":"Site officiel du Foyer Rural de Fraisans","publisher":{"@id":"https:\/\/www.foyerfraisans.fr\/#organization"},"potentialAction":[{"@type":"SearchAction","target":{"@type":"EntryPoint","urlTemplate":"https:\/\/www.foyerfraisans.fr\/?s={search_term_string}"},"query-input":{"@type":"PropertyValueSpecification","valueRequired":true,"valueName":"search_term_string"}}],"inLanguage":"fr-FR"},{"@type":"Organization","@id":"https:\/\/www.foyerfraisans.fr\/#organization","name":"Foyer Rural de Fraisans","url":"https:\/\/www.foyerfraisans.fr\/","logo":{"@type":"ImageObject","inLanguage":"fr-FR","@id":"https:\/\/www.foyerfraisans.fr\/#\/schema\/logo\/image\/","url":"https:\/\/www.foyerfraisans.fr\/wp-content\/uploads\/2022\/07\/sigle-foyer-1.png","contentUrl":"https:\/\/www.foyerfraisans.fr\/wp-content\/uploads\/2022\/07\/sigle-foyer-1.png","width":436,"height":237,"caption":"Foyer Rural de Fraisans"},"image":{"@id":"https:\/\/www.foyerfraisans.fr\/#\/schema\/logo\/image\/"}},{"@type":"Person","@id":"https:\/\/www.foyerfraisans.fr\/#\/schema\/person\/530e871d8fe7dc72bc6bb5eddfa36f03","name":"admin4342","image":{"@type":"ImageObject","inLanguage":"fr-FR","@id":"https:\/\/www.foyerfraisans.fr\/#\/schema\/person\/image\/","url":"https:\/\/secure.gravatar.com\/avatar\/f0c8e3042314619ff04d27375a4653efab6eaef2943fe4bf960be4a353fd58f0?s=96&d=mm&r=g","contentUrl":"https:\/\/secure.gravatar.com\/avatar\/f0c8e3042314619ff04d27375a4653efab6eaef2943fe4bf960be4a353fd58f0?s=96&d=mm&r=g","caption":"admin4342"},"sameAs":["http:\/\/odaizfi.cluster030.hosting.ovh.net"]}]}},"_links":{"self":[{"href":"https:\/\/www.foyerfraisans.fr\/index.php\/wp-json\/wp\/v2\/posts\/1","targetHints":{"allow":["GET"]}}],"collection":[{"href":"https:\/\/www.foyerfraisans.fr\/index.php\/wp-json\/wp\/v2\/posts"}],"about":[{"href":"https:\/\/www.foyerfraisans.fr\/index.php\/wp-json\/wp\/v2\/types\/post"}],"author":[{"embeddable":true,"href":"https:\/\/www.foyerfraisans.fr\/index.php\/wp-json\/wp\/v2\/users\/1"}],"replies":[{"embeddable":true,"href":"https:\/\/www.foyerfraisans.fr\/index.php\/wp-json\/wp\/v2\/comments?post=1"}],"version-history":[{"count":131,"href":"https:\/\/www.foyerfraisans.fr\/index.php\/wp-json\/wp\/v2\/posts\/1\/revisions"}],"predecessor-version":[{"id":3549,"href":"https:\/\/www.foyerfraisans.fr\/index.php\/wp-json\/wp\/v2\/posts\/1\/revisions\/3549"}],"wp:featuredmedia":[{"embeddable":true,"href":"https:\/\/www.foyerfraisans.fr\/index.php\/wp-json\/wp\/v2\/media\/3550"}],"wp:attachment":[{"href":"https:\/\/www.foyerfraisans.fr\/index.php\/wp-json\/wp\/v2\/media?parent=1"}],"wp:term":[{"taxonomy":"category","embeddable":true,"href":"https:\/\/www.foyerfraisans.fr\/index.php\/wp-json\/wp\/v2\/categories?post=1"},{"taxonomy":"post_tag","embeddable":true,"href":"https:\/\/www.foyerfraisans.fr\/index.php\/wp-json\/wp\/v2\/tags?post=1"}],"curies":[{"name":"wp","href":"https:\/\/api.w.org\/{rel}","templated":true}]}}